{"id":655,"date":"2019-01-14T11:17:21","date_gmt":"2019-01-14T10:17:21","guid":{"rendered":"http:\/\/bionou.es\/dr-navarro-c-e-o-at-bionou-attend-the-7th-beneficial-microbes-conference\/"},"modified":"2019-01-29T11:39:15","modified_gmt":"2019-01-29T10:39:15","slug":"el-dr-navarro-participa-como-ponente-invitado-en-la-7a-conferencia-de-beneficial-microbes","status":"publish","type":"post","link":"http:\/\/bionou.es\/es\/el-dr-navarro-participa-como-ponente-invitado-en-la-7a-conferencia-de-beneficial-microbes\/","title":{"rendered":"El Dr. Navarro participa como ponente invitado en la 7\u00aa Conferencia de beneficial Microbes"},"content":{"rendered":"<p>[et_pb_section bb_built=\u00bb1&#8243;][et_pb_row][et_pb_column type=\u00bb4_4&#8243;][et_pb_text _builder_version=\u00bb3.0.106&#8243; background_layout=\u00bblight\u00bb]<\/p>\n<p style=\"text-align: center;\">El Dr. Navarro participa como ponente invitado en la 7\u00aa Conferencia de beneficial Microbes (\u00c1msterdam, 26-28 de noviembre de 2018) y revisar\u00e1 todos los aspectos relacionados con el eje de la piel y los avances de su Instituto de Investigaci\u00f3n en Bioithas, situado en el Parque Cient\u00edfico de Alicante. Universidad de alicante. Espa\u00f1a.<\/p>\n<p>[\/et_pb_text][et_pb_image _builder_version=\u00bb3.0.106&#8243; src=\u00bbhttp:\/\/bionou.es\/wp-content\/uploads\/2019\/01\/noticiaconferencia2.jpg\u00bb show_in_lightbox=\u00bboff\u00bb url_new_window=\u00bboff\u00bb use_overlay=\u00bboff\u00bb always_center_on_mobile=\u00bbon\u00bb force_fullwidth=\u00bboff\u00bb show_bottom_space=\u00bbon\u00bb \/][\/et_pb_column][\/et_pb_row][\/et_pb_section]<\/p>\n","protected":false},"excerpt":{"rendered":"<p>[et_pb_section bb_built=\u00bb1&#8243;][et_pb_row][et_pb_column type=\u00bb4_4&#8243;][et_pb_text _builder_version=\u00bb3.0.106&#8243; background_layout=\u00bblight\u00bb] El Dr. Navarro participa como ponente invitado en la 7\u00aa Conferencia de beneficial Microbes (\u00c1msterdam, 26-28 de noviembre de 2018) y revisar\u00e1 todos los aspectos relacionados con el eje de la piel y los avances de su Instituto de Investigaci\u00f3n en Bioithas, situado en el Parque Cient\u00edfico de Alicante. Universidad [&hellip;]<\/p>\n","protected":false},"author":2,"featured_media":639,"comment_status":"open","ping_status":"closed","sticky":false,"template":"","format":"standard","meta":[],"categories":[1],"tags":[],"_links":{"self":[{"href":"http:\/\/bionou.es\/es\/wp-json\/wp\/v2\/posts\/655"}],"collection":[{"href":"http:\/\/bionou.es\/es\/wp-json\/wp\/v2\/posts"}],"about":[{"href":"http:\/\/bionou.es\/es\/wp-json\/wp\/v2\/types\/post"}],"author":[{"embeddable":true,"href":"http:\/\/bionou.es\/es\/wp-json\/wp\/v2\/users\/2"}],"replies":[{"embeddable":true,"href":"http:\/\/bionou.es\/es\/wp-json\/wp\/v2\/comments?post=655"}],"version-history":[{"count":5,"href":"http:\/\/bionou.es\/es\/wp-json\/wp\/v2\/posts\/655\/revisions"}],"predecessor-version":[{"id":665,"href":"http:\/\/bionou.es\/es\/wp-json\/wp\/v2\/posts\/655\/revisions\/665"}],"wp:featuredmedia":[{"embeddable":true,"href":"http:\/\/bionou.es\/es\/wp-json\/wp\/v2\/media\/639"}],"wp:attachment":[{"href":"http:\/\/bionou.es\/es\/wp-json\/wp\/v2\/media?parent=655"}],"wp:term":[{"taxonomy":"category","embeddable":true,"href":"http:\/\/bionou.es\/es\/wp-json\/wp\/v2\/categories?post=655"},{"taxonomy":"post_tag","embeddable":true,"href":"http:\/\/bionou.es\/es\/wp-json\/wp\/v2\/tags?post=655"}],"curies":[{"name":"wp","href":"https:\/\/api.w.org\/{rel}","templated":true}]}}