{"id":651,"date":"2019-01-14T11:27:57","date_gmt":"2019-01-14T10:27:57","guid":{"rendered":"http:\/\/bionou.es\/scientific-dissemination-bioithas\/"},"modified":"2019-01-14T11:30:40","modified_gmt":"2019-01-14T10:30:40","slug":"divulgacion-cientifica-bioithas","status":"publish","type":"post","link":"http:\/\/bionou.es\/es\/divulgacion-cientifica-bioithas\/","title":{"rendered":"Divulgaci\u00f3n cient\u00edfica Bioithas"},"content":{"rendered":"<p>[et_pb_section bb_built=\u00bb1&#8243;][et_pb_row][et_pb_column type=\u00bb4_4&#8243;][et_pb_text _builder_version=\u00bb3.0.106&#8243; background_layout=\u00bblight\u00bb]<\/p>\n<p>El pr\u00f3ximo 6 de Febrero durante la celebraci\u00f3n del congreso nacional de probioticos y prebi\u00f3ticos, el Dr. Vicente Navarro, en una conferencia invitada, revisar\u00e1 todos los aspectos del eje entero-ut\u00e1neo y la influencia de la microbiota intestinal en la dermatitis at\u00f3pica, la psoriasis y el acn\u00e9 inflamatorio aportando resultados de investigaciones cl\u00ednicas realizadas en el Hospital Universitario Vinalop\u00f3 de Elche, la Universidad Cat\u00f3lica San Antonio de Murcia y el Instituto de Investigaci\u00f3n Bioithas en el Parque cient\u00edfico de Alicante y Universidad de Alicante.<\/p>\n<p>Durante el congreso investigadores del mismo grupo de investigaci\u00f3n aportar\u00e1n resultados del estudio de la microbiota intestinal en patolog\u00edas como la infecci\u00f3n por clostridium difficile y los resultados preliminares del desarrollo de marcadores pron\u00f3sticos en la Esclerosis M\u00faltiple, trabajo encabezados por D. Pedro S\u00e1nchez-Pellicer y D\u00aa Maria Angeles M\u00e9ndez Nu\u00f1ez.<\/p>\n<p>&nbsp;<\/p>\n<p style=\"text-align: center;\"><em><strong><a href=\"http:\/\/bionou.es\/wp-content\/uploads\/2019\/01\/workshop10_2019_programa.pdf\" target=\"_blank\" rel=\"noopener\">Ver programa\u00a0preliminar del congreso<\/a><\/strong><\/em><\/p>\n<p>[\/et_pb_text][\/et_pb_column][\/et_pb_row][\/et_pb_section]<\/p>\n","protected":false},"excerpt":{"rendered":"<p>[et_pb_section bb_built=\u00bb1&#8243;][et_pb_row][et_pb_column type=\u00bb4_4&#8243;][et_pb_text _builder_version=\u00bb3.0.106&#8243; background_layout=\u00bblight\u00bb] El pr\u00f3ximo 6 de Febrero durante la celebraci\u00f3n del congreso nacional de probioticos y prebi\u00f3ticos, el Dr. Vicente Navarro, en una conferencia invitada, revisar\u00e1 todos los aspectos del eje entero-ut\u00e1neo y la influencia de la microbiota intestinal en la dermatitis at\u00f3pica, la psoriasis y el acn\u00e9 inflamatorio aportando resultados de [&hellip;]<\/p>\n","protected":false},"author":2,"featured_media":645,"comment_status":"open","ping_status":"closed","sticky":false,"template":"","format":"standard","meta":[],"categories":[1],"tags":[],"_links":{"self":[{"href":"http:\/\/bionou.es\/es\/wp-json\/wp\/v2\/posts\/651"}],"collection":[{"href":"http:\/\/bionou.es\/es\/wp-json\/wp\/v2\/posts"}],"about":[{"href":"http:\/\/bionou.es\/es\/wp-json\/wp\/v2\/types\/post"}],"author":[{"embeddable":true,"href":"http:\/\/bionou.es\/es\/wp-json\/wp\/v2\/users\/2"}],"replies":[{"embeddable":true,"href":"http:\/\/bionou.es\/es\/wp-json\/wp\/v2\/comments?post=651"}],"version-history":[{"count":2,"href":"http:\/\/bionou.es\/es\/wp-json\/wp\/v2\/posts\/651\/revisions"}],"predecessor-version":[{"id":653,"href":"http:\/\/bionou.es\/es\/wp-json\/wp\/v2\/posts\/651\/revisions\/653"}],"wp:featuredmedia":[{"embeddable":true,"href":"http:\/\/bionou.es\/es\/wp-json\/wp\/v2\/media\/645"}],"wp:attachment":[{"href":"http:\/\/bionou.es\/es\/wp-json\/wp\/v2\/media?parent=651"}],"wp:term":[{"taxonomy":"category","embeddable":true,"href":"http:\/\/bionou.es\/es\/wp-json\/wp\/v2\/categories?post=651"},{"taxonomy":"post_tag","embeddable":true,"href":"http:\/\/bionou.es\/es\/wp-json\/wp\/v2\/tags?post=651"}],"curies":[{"name":"wp","href":"https:\/\/api.w.org\/{rel}","templated":true}]}}