{"id":427,"date":"2018-09-11T11:01:59","date_gmt":"2018-09-11T09:01:59","guid":{"rendered":"https:\/\/www.bioithas.es\/?p=427"},"modified":"2019-01-04T16:12:38","modified_gmt":"2019-01-04T15:12:38","slug":"bioithas-se-acredita-como-empresa-innovadora-en-europa","status":"publish","type":"post","link":"http:\/\/bionou.es\/es\/bioithas-se-acredita-como-empresa-innovadora-en-europa\/","title":{"rendered":"Bionou se acredita como empresa innovadora en Europa"},"content":{"rendered":"<p><a href=\"http:\/\/bionou.es\/2018\/09\/11\/bioithas-se-acredita-como-empresa-innovadora-en-europa\/bioithas_forcrop\/\" rel=\"attachment wp-att-428\"><img loading=\"lazy\" class=\"alignnone size-medium wp-image-428\" src=\"http:\/\/bionou.es\/wp-content\/uploads\/2018\/09\/bioithas_forCrop-300x200.jpg\" alt=\"\" width=\"300\" height=\"200\" srcset=\"http:\/\/bionou.es\/wp-content\/uploads\/2018\/09\/bioithas_forCrop-300x200.jpg 300w, http:\/\/bionou.es\/wp-content\/uploads\/2018\/09\/bioithas_forCrop.jpg 720w\" sizes=\"(max-width: 300px) 100vw, 300px\" \/><\/a><\/p>\n<p>La empresa vinculada al Parque Cient\u00edfico de Alicante y liderada por el doctor\u00a0<strong>Vicente Navarro<\/strong>,\u00a0<strong>Bioithas<\/strong>, ha obtenido el sello\u00a0<strong>EIBT\u00a0<\/strong>(Empresa Innovadora de Base Tecnol\u00f3gica) que concede la Asociaci\u00f3n Nacional de Centros Europeos de Empresas e Innovaci\u00f3n (<strong>ANCES<\/strong>).<\/p>\n<p>El valor que tiene esta marca, seg\u00fan explican fuentes del parque, se materializa en la integraci\u00f3n del proyecto y sus promotores en un\u00a0<strong>grupo preferente de acceso a servicios<\/strong>\u00a0a trav\u00e9s de la canalizaci\u00f3n de los proyectos en diferentes programas de apoyo y acompa\u00f1amiento: jornadas de\u00a0<em>networking\u00a0<\/em>de EIBT y grandes empresas, participaci\u00f3n en foros de innovaci\u00f3n abierta, b\u00fasqueda y acceso a grupos de inversores, formaci\u00f3n especializada y acceso al mercado de compra p\u00fablica innovadora.<\/p>\n<p class=\"selectionShareable\">Igualmente, las empresas que han sido galardonadas con la marca EIBT cuentan con garant\u00edas plenas para demostrar ante diferentes\u00a0<strong>agentes inversores, instituciones concedentes de ayudas o posibles\u00a0<em>partners<\/em><\/strong><em>\u00a0<\/em>su potencialidad como proyecto innovador de primer nivel.<\/p>\n<p class=\"selectionShareable\">Actualmente Bionou ofrece soluciones para el desarrollo de indicaciones cl\u00ednicas en c<strong>omplementos nutricionales y probi\u00f3ticos<\/strong>\u00a0con una diana terap\u00e9utica com\u00fan. Su campo de actuaci\u00f3n se centra en el estudio de la microbiota y el microbioma, de forma que asesoran a productores de materia prima para asegurar resultados en campos como las\u00a0<strong>enfermedades inflamatorias e inmunol\u00f3gicas sist\u00e9micas<\/strong>. Su modelo de investigaci\u00f3n b\u00e1sica permite el desarrollo de productos biol\u00f3gicos como probi\u00f3ticos, prebi\u00f3ticos y simbioticos para el tratamiento de patolog\u00edas en el \u00e1mbito de la inflamaci\u00f3n sist\u00e9mica, neurolog\u00eda, dermatolog\u00eda, metabolismo y patolog\u00eda infecciosa.<\/p>\n<p class=\"selectionShareable\">\u00a0En la actualidad, han obtenido una\u00a0<a href=\"https:\/\/patentscope.wipo.int\/search\/en\/detail.jsf?docId=WO2017162683\" target=\"_blanck\">patente internacional de un preparado probi\u00f3tico para la psoriasis y la microbiota intestinal<\/a>, al igual que han materializados dos solicitudes de registro de patentes sobre biomarcadores para pron\u00f3sticos en enfermedades inflamatorias neurol\u00f3gicas y sobre un mix probi\u00f3tico en dermatitis at\u00f3pica.<\/p>\n<p>&nbsp;<\/p>\n","protected":false},"excerpt":{"rendered":"<p>La empresa vinculada al Parque Cient\u00edfico de Alicante y liderada por el doctor\u00a0Vicente Navarro,\u00a0Bioithas, ha obtenido el sello\u00a0EIBT\u00a0(Empresa Innovadora de Base Tecnol\u00f3gica) que concede la Asociaci\u00f3n Nacional de Centros Europeos de Empresas e Innovaci\u00f3n (ANCES). El valor que tiene esta marca, seg\u00fan explican fuentes del parque, se materializa en la integraci\u00f3n del proyecto y sus [&hellip;]<\/p>\n","protected":false},"author":2,"featured_media":428,"comment_status":"open","ping_status":"closed","sticky":false,"template":"","format":"standard","meta":[],"categories":[1],"tags":[],"_links":{"self":[{"href":"http:\/\/bionou.es\/es\/wp-json\/wp\/v2\/posts\/427"}],"collection":[{"href":"http:\/\/bionou.es\/es\/wp-json\/wp\/v2\/posts"}],"about":[{"href":"http:\/\/bionou.es\/es\/wp-json\/wp\/v2\/types\/post"}],"author":[{"embeddable":true,"href":"http:\/\/bionou.es\/es\/wp-json\/wp\/v2\/users\/2"}],"replies":[{"embeddable":true,"href":"http:\/\/bionou.es\/es\/wp-json\/wp\/v2\/comments?post=427"}],"version-history":[{"count":4,"href":"http:\/\/bionou.es\/es\/wp-json\/wp\/v2\/posts\/427\/revisions"}],"predecessor-version":[{"id":505,"href":"http:\/\/bionou.es\/es\/wp-json\/wp\/v2\/posts\/427\/revisions\/505"}],"wp:featuredmedia":[{"embeddable":true,"href":"http:\/\/bionou.es\/es\/wp-json\/wp\/v2\/media\/428"}],"wp:attachment":[{"href":"http:\/\/bionou.es\/es\/wp-json\/wp\/v2\/media?parent=427"}],"wp:term":[{"taxonomy":"category","embeddable":true,"href":"http:\/\/bionou.es\/es\/wp-json\/wp\/v2\/categories?post=427"},{"taxonomy":"post_tag","embeddable":true,"href":"http:\/\/bionou.es\/es\/wp-json\/wp\/v2\/tags?post=427"}],"curies":[{"name":"wp","href":"https:\/\/api.w.org\/{rel}","templated":true}]}}