{"id":423,"date":"2018-08-24T10:09:47","date_gmt":"2018-08-24T08:09:47","guid":{"rendered":"https:\/\/www.bioithas.es\/?p=423"},"modified":"2019-01-04T16:13:14","modified_gmt":"2019-01-04T15:13:14","slug":"congreso-internacional-de-microbiota","status":"publish","type":"post","link":"http:\/\/bionou.es\/es\/congreso-internacional-de-microbiota\/","title":{"rendered":"CONGRESO INTERNACIONAL DE MICROBIOTA"},"content":{"rendered":"<p>Presencia de investigadores de Bionou en el congreso internacional de microbiota que se celebra en Amsterdam el 25 al 28 de Noviembre del 2018. Durante el congreso el Dr. Vicente Navarro, director de investigaci\u00f3n de Bionou y Director de la C\u00e1tedra de Enfermedades Infecciosas y Microbiota Humana en la Universidad Cat\u00f3lica San Antonio de Murica (UCAM) como experto invitado presentar\u00e1 una ponencia con datos de los estudios cl\u00ednicos realizados por su equipo de investigaci\u00f3n\u00a0<span class=\"text_exposed_show\">en Dermatitis at\u00f3pica y Psoriasis con el uso de probi\u00f3ticos para modular la evoluci\u00f3n de estas enfermedades. Adem\u00e1s durante la ponencia se aportar\u00e1n nuevos datos sobre el efecto de los probi\u00f3ticos en otras patolog\u00edas sist\u00e9micas con afectaci\u00f3n de la piel lo que abre toda una linea de trabajo del futuro uso de los probi\u00f3ticos. Mas informaci\u00f3n del congreso:<\/span><\/p>\n<div class=\"text_exposed_show\">\n<p><a href=\"https:\/\/www.beneficialmicrobes2018.org\/media\/BM7%20Programme%20LR.pdf\" target=\"_blank\" rel=\"noopener nofollow\" data-ft=\"{&quot;tn&quot;:&quot;-U&quot;}\" data-lynx-mode=\"async\" data-lynx-uri=\"https:\/\/l.facebook.com\/l.php?u=https%3A%2F%2Fwww.beneficialmicrobes2018.org%2Fmedia%2FBM7%2520Programme%2520LR.pdf&amp;h=AT3g6s3a00OXWle9GYMukCCfMlF7UACZHgufxdls5xpUaE-i4heowTFMecYtOR0f-SNBDoQ5Mgz6UKknCx7TL7H9GBZMHm_so-shDfYQa1k-Ub_Dd8-8LYzsEjYfuLVSx51bOoTv4384-tpZY47ujwxLNwbbxhEAOTVqR9JQJsrK8PU0al6dyFV8cXdzBHewqKxTFbeoNcrN0Ytwc2dc_XR3RdU6x8mQwKMgzP1xEzaITlm04sWZNLns01D7pXJSqVv6cZkwdrtmGInz43QCyCN_6A-dJt36JG-K4CmChvxwZfqTuEE4AMSbewb9FMBkz3wJOs7SWFl-wXHJgjfNBw7RUlRong\">https:\/\/www.beneficialmicrobes2018.org\/\u2026\/BM7%20Programme%20\u2026<\/a><\/p>\n<\/div>\n","protected":false},"excerpt":{"rendered":"<p>Presencia de investigadores de Bionou en el congreso internacional de microbiota que se celebra en Amsterdam el 25 al 28 de Noviembre del 2018. Durante el congreso el Dr. Vicente Navarro, director de investigaci\u00f3n de Bionou y Director de la C\u00e1tedra de Enfermedades Infecciosas y Microbiota Humana en la Universidad Cat\u00f3lica San Antonio de Murica [&hellip;]<\/p>\n","protected":false},"author":2,"featured_media":424,"comment_status":"open","ping_status":"closed","sticky":false,"template":"","format":"standard","meta":[],"categories":[1],"tags":[],"_links":{"self":[{"href":"http:\/\/bionou.es\/es\/wp-json\/wp\/v2\/posts\/423"}],"collection":[{"href":"http:\/\/bionou.es\/es\/wp-json\/wp\/v2\/posts"}],"about":[{"href":"http:\/\/bionou.es\/es\/wp-json\/wp\/v2\/types\/post"}],"author":[{"embeddable":true,"href":"http:\/\/bionou.es\/es\/wp-json\/wp\/v2\/users\/2"}],"replies":[{"embeddable":true,"href":"http:\/\/bionou.es\/es\/wp-json\/wp\/v2\/comments?post=423"}],"version-history":[{"count":2,"href":"http:\/\/bionou.es\/es\/wp-json\/wp\/v2\/posts\/423\/revisions"}],"predecessor-version":[{"id":506,"href":"http:\/\/bionou.es\/es\/wp-json\/wp\/v2\/posts\/423\/revisions\/506"}],"wp:featuredmedia":[{"embeddable":true,"href":"http:\/\/bionou.es\/es\/wp-json\/wp\/v2\/media\/424"}],"wp:attachment":[{"href":"http:\/\/bionou.es\/es\/wp-json\/wp\/v2\/media?parent=423"}],"wp:term":[{"taxonomy":"category","embeddable":true,"href":"http:\/\/bionou.es\/es\/wp-json\/wp\/v2\/categories?post=423"},{"taxonomy":"post_tag","embeddable":true,"href":"http:\/\/bionou.es\/es\/wp-json\/wp\/v2\/tags?post=423"}],"curies":[{"name":"wp","href":"https:\/\/api.w.org\/{rel}","templated":true}]}}