{"id":405,"date":"2018-08-22T09:44:20","date_gmt":"2018-08-22T07:44:20","guid":{"rendered":"https:\/\/www.bioithas.es\/?p=405"},"modified":"2018-08-22T09:45:58","modified_gmt":"2018-08-22T07:45:58","slug":"405","status":"publish","type":"post","link":"http:\/\/bionou.es\/es\/405\/","title":{"rendered":"Nuevas evidencias"},"content":{"rendered":"<p>&nbsp;<\/p>\n<p><strong>Probi\u00f3ticos y dermatitis at\u00f3pica: nuevas evidencias<\/strong><\/p>\n<p>Recientemente, se ha publicado un estudio en la prestigiosa revista de dermatolog\u00eda, JAMA Dermatology, acerca de la eficacia de una mezcla de probi\u00f3ticos (Bifidobacterium lactis CECT 8145, Bifidobacterim longum CECT 7347 y Lactobacillus casei CECT 9104) en la mejora del \u00edndice SCORAD (Scoring Atopic Dermatitis) y en la reducci\u00f3n de los d\u00edas de utilizaci\u00f3n de corticoides t\u00f3picos en pacientes con dermatitis at\u00f3pica moderada: Effect of Oral Administration of a Mixture of Probiotic Strains on SCORAD Index and Use of Topical Steroids in Young Patients With Moderate Atopic Dermatitis. A Randomized Clinical Trial\u00a0<sup>(*)<\/sup><\/p>\n<p>(*) Vicente Navarro-L\u00f3pez, MD; Ana Ram\u00edrez-Bosca, MD; Daniel Ram\u00f3n-Vidal, PhD; Beatriz Ruzafa-Sostas, PhD; Salvador Genov\u00e9s-Mart\u00ednez, BTech; Empar Chenoll-Cuadros, PhD; Miguel Carri\u00f3n-Guti\u00e9rrez, PhD; Jose Horga de la Parte, MD; David Prieto-Merino, PhD; Francisco M. Codoner-Cort\u00e9s, PhD<\/p>\n<p>Este estudio fue realizado con ni\u00f1os entre 4 y 17 a\u00f1os de edad, diagnosticados de dermatitis at\u00f3pica moderada, con un \u00edndice SCORAD entre 20 y 40 y en tratamiento de corticosteroides t\u00f3picos.<\/p>\n<p>La investigaci\u00f3n estudia c\u00f3mo las modificaciones en la microbiota intestinal, mediante el uso de probi\u00f3ticos, provocan:<\/p>\n<ul>\n<li>Reducci\u00f3n de brotes de dermatitis at\u00f3pica en intensidad y duraci\u00f3n<\/li>\n<li>Reducci\u00f3n del uso de corticoides t\u00f3picos<\/li>\n<li>Reducci\u00f3n de la extensi\u00f3n e intensidad del eczema<\/li>\n<\/ul>\n<p>Vicente Navarro-L\u00f3pez, uno de los autores del estudio, asegura que \u201caunque hace falta m\u00e1s investigaci\u00f3n, este estudio puede representar un paso muy importante para el tratamiento de la dermatitis at\u00f3pica\u201d.<\/p>\n<p><a href=\"http:\/\/bionou.es\/2018\/08\/22\/405\/anuncio-dermaveel-pro\/\" rel=\"attachment wp-att-408\"><img loading=\"lazy\" class=\"alignnone size-medium wp-image-408\" src=\"http:\/\/bionou.es\/wp-content\/uploads\/2018\/08\/anuncio-dermaveel-pro-190x300.jpg\" alt=\"\" width=\"190\" height=\"300\" srcset=\"http:\/\/bionou.es\/wp-content\/uploads\/2018\/08\/anuncio-dermaveel-pro-190x300.jpg 190w, http:\/\/bionou.es\/wp-content\/uploads\/2018\/08\/anuncio-dermaveel-pro-768x1215.jpg 768w, http:\/\/bionou.es\/wp-content\/uploads\/2018\/08\/anuncio-dermaveel-pro-647x1024.jpg 647w, http:\/\/bionou.es\/wp-content\/uploads\/2018\/08\/anuncio-dermaveel-pro-1080x1708.jpg 1080w, http:\/\/bionou.es\/wp-content\/uploads\/2018\/08\/anuncio-dermaveel-pro.jpg 1807w\" sizes=\"(max-width: 190px) 100vw, 190px\" \/><\/a><\/p>\n","protected":false},"excerpt":{"rendered":"<p>&nbsp; Probi\u00f3ticos y dermatitis at\u00f3pica: nuevas evidencias Recientemente, se ha publicado un estudio en la prestigiosa revista de dermatolog\u00eda, JAMA Dermatology, acerca de la eficacia de una mezcla de probi\u00f3ticos (Bifidobacterium lactis CECT 8145, Bifidobacterim longum CECT 7347 y Lactobacillus casei CECT 9104) en la mejora del \u00edndice SCORAD (Scoring Atopic Dermatitis) y en la [&hellip;]<\/p>\n","protected":false},"author":2,"featured_media":408,"comment_status":"open","ping_status":"closed","sticky":false,"template":"","format":"standard","meta":[],"categories":[1],"tags":[],"_links":{"self":[{"href":"http:\/\/bionou.es\/es\/wp-json\/wp\/v2\/posts\/405"}],"collection":[{"href":"http:\/\/bionou.es\/es\/wp-json\/wp\/v2\/posts"}],"about":[{"href":"http:\/\/bionou.es\/es\/wp-json\/wp\/v2\/types\/post"}],"author":[{"embeddable":true,"href":"http:\/\/bionou.es\/es\/wp-json\/wp\/v2\/users\/2"}],"replies":[{"embeddable":true,"href":"http:\/\/bionou.es\/es\/wp-json\/wp\/v2\/comments?post=405"}],"version-history":[{"count":4,"href":"http:\/\/bionou.es\/es\/wp-json\/wp\/v2\/posts\/405\/revisions"}],"predecessor-version":[{"id":413,"href":"http:\/\/bionou.es\/es\/wp-json\/wp\/v2\/posts\/405\/revisions\/413"}],"wp:featuredmedia":[{"embeddable":true,"href":"http:\/\/bionou.es\/es\/wp-json\/wp\/v2\/media\/408"}],"wp:attachment":[{"href":"http:\/\/bionou.es\/es\/wp-json\/wp\/v2\/media?parent=405"}],"wp:term":[{"taxonomy":"category","embeddable":true,"href":"http:\/\/bionou.es\/es\/wp-json\/wp\/v2\/categories?post=405"},{"taxonomy":"post_tag","embeddable":true,"href":"http:\/\/bionou.es\/es\/wp-json\/wp\/v2\/tags?post=405"}],"curies":[{"name":"wp","href":"https:\/\/api.w.org\/{rel}","templated":true}]}}