{"id":377,"date":"2018-05-30T12:03:53","date_gmt":"2018-05-30T10:03:53","guid":{"rendered":"http:\/\/www.bioithas.es\/?p=377"},"modified":"2018-05-30T13:10:07","modified_gmt":"2018-05-30T11:10:07","slug":"probioticos-en-dermatitis-atopica","status":"publish","type":"post","link":"http:\/\/bionou.es\/es\/probioticos-en-dermatitis-atopica\/","title":{"rendered":"Probi\u00f3ticos en Dermatitis At\u00f3pica"},"content":{"rendered":"<p><img loading=\"lazy\" class=\"alignnone size-medium wp-image-378\" src=\"http:\/\/bionou.es\/wp-content\/uploads\/2018\/05\/34088198_10156382241262964_536823353827131392_n-225x300.jpg\" alt=\"\" width=\"225\" height=\"300\" srcset=\"http:\/\/bionou.es\/wp-content\/uploads\/2018\/05\/34088198_10156382241262964_536823353827131392_n-225x300.jpg 225w, http:\/\/bionou.es\/wp-content\/uploads\/2018\/05\/34088198_10156382241262964_536823353827131392_n.jpg 720w\" sizes=\"(max-width: 225px) 100vw, 225px\" \/><\/p>\n<p>Queremos compartir con vosotros el gran inter\u00e9s suscitado por el P\u00f3ster \u00ab<a class=\"_58cn\" href=\"https:\/\/www.facebook.com\/hashtag\/probi%C3%B3ticos?source=feed_text\" data-ft=\"{&quot;tn&quot;:&quot;*N&quot;,&quot;type&quot;:104}\"><span class=\"_5afx\"><span class=\"_58cl _5afz\" aria-label=\"hashtag\">#<\/span><span class=\"_58cm\">Probi\u00f3ticos<\/span><\/span><\/a>\u00a0en\u00a0<a class=\"_58cn\" href=\"https:\/\/www.facebook.com\/hashtag\/dermatitisat%C3%B3pica?source=feed_text\" data-ft=\"{&quot;tn&quot;:&quot;*N&quot;,&quot;type&quot;:104}\"><span class=\"_5afx\"><span class=\"_58cl _5afz\" aria-label=\"hashtag\">#<\/span><span class=\"_58cm\">DermatitisAt\u00f3pica<\/span><\/span><\/a>: una nueva l\u00ednea de tratamiento\u00bb presentado en\u00a0<a class=\"_58cn\" href=\"https:\/\/www.facebook.com\/hashtag\/sefac2018?source=feed_text\" data-ft=\"{&quot;tn&quot;:&quot;*N&quot;,&quot;type&quot;:104}\"><span class=\"_5afx\"><span class=\"_58cl _5afz\" aria-label=\"hashtag\">#<\/span><span class=\"_58cm\">SEFA<span class=\"text_exposed_show\">C2018<\/span><\/span><\/span><\/a><span class=\"text_exposed_show\">\u00a0por Beatriz Ruzafa Costas y Eva N\u00fa\u00f1ez Delegido, equipo del Dr. Vicente Navarro.<\/span><\/p>\n<p>M\u00e1s informaci\u00f3n estudio:\u00a0<span class=\"_5mfr _47e3\"><img loading=\"lazy\" class=\"img\" role=\"presentation\" src=\"https:\/\/static.xx.fbcdn.net\/images\/emoji.php\/v9\/faa\/1.5\/16\/1f449.png\" alt=\"\" width=\"16\" height=\"16\" \/><span class=\"_7oe\">?<\/span><\/span>\u00a0<a href=\"http:\/\/ow.ly\/gGMe30kfmqR\" target=\"_blank\" rel=\"noopener nofollow\" data-ft=\"{&quot;tn&quot;:&quot;-U&quot;}\" data-lynx-mode=\"asynclazy\" data-lynx-uri=\"https:\/\/l.facebook.com\/l.php?u=http%3A%2F%2Fow.ly%2FgGMe30kfmqR&amp;h=ATO2jr_INLcjV4U6oWIuvDRAppWFl2xQl-XVOUe6QLTDjVWZH7r0XrhCSWTveVyTLdQWGgEvPzT3aeITkCLrSLERVq0U3UtzCmTmKG15dGnyRFXY7PncPJsOWaebKbaait8A\">http:\/\/ow.ly\/gGMe30kfmqR<\/a><\/p>\n","protected":false},"excerpt":{"rendered":"<p>Queremos compartir con vosotros el gran inter\u00e9s suscitado por el P\u00f3ster \u00ab#Probi\u00f3ticos\u00a0en\u00a0#DermatitisAt\u00f3pica: una nueva l\u00ednea de tratamiento\u00bb presentado en\u00a0#SEFAC2018\u00a0por Beatriz Ruzafa Costas y Eva N\u00fa\u00f1ez Delegido, equipo del Dr. Vicente Navarro. M\u00e1s informaci\u00f3n estudio:\u00a0?\u00a0http:\/\/ow.ly\/gGMe30kfmqR<\/p>\n","protected":false},"author":2,"featured_media":378,"comment_status":"open","ping_status":"closed","sticky":false,"template":"","format":"standard","meta":[],"categories":[1],"tags":[],"_links":{"self":[{"href":"http:\/\/bionou.es\/es\/wp-json\/wp\/v2\/posts\/377"}],"collection":[{"href":"http:\/\/bionou.es\/es\/wp-json\/wp\/v2\/posts"}],"about":[{"href":"http:\/\/bionou.es\/es\/wp-json\/wp\/v2\/types\/post"}],"author":[{"embeddable":true,"href":"http:\/\/bionou.es\/es\/wp-json\/wp\/v2\/users\/2"}],"replies":[{"embeddable":true,"href":"http:\/\/bionou.es\/es\/wp-json\/wp\/v2\/comments?post=377"}],"version-history":[{"count":1,"href":"http:\/\/bionou.es\/es\/wp-json\/wp\/v2\/posts\/377\/revisions"}],"predecessor-version":[{"id":379,"href":"http:\/\/bionou.es\/es\/wp-json\/wp\/v2\/posts\/377\/revisions\/379"}],"wp:featuredmedia":[{"embeddable":true,"href":"http:\/\/bionou.es\/es\/wp-json\/wp\/v2\/media\/378"}],"wp:attachment":[{"href":"http:\/\/bionou.es\/es\/wp-json\/wp\/v2\/media?parent=377"}],"wp:term":[{"taxonomy":"category","embeddable":true,"href":"http:\/\/bionou.es\/es\/wp-json\/wp\/v2\/categories?post=377"},{"taxonomy":"post_tag","embeddable":true,"href":"http:\/\/bionou.es\/es\/wp-json\/wp\/v2\/tags?post=377"}],"curies":[{"name":"wp","href":"https:\/\/api.w.org\/{rel}","templated":true}]}}