{"id":371,"date":"2018-05-28T09:08:28","date_gmt":"2018-05-28T07:08:28","guid":{"rendered":"http:\/\/www.bioithas.es\/?p=371"},"modified":"2018-05-30T12:52:51","modified_gmt":"2018-05-30T10:52:51","slug":"viii-congreso-nacional-de-farmaceuticos-comunitarios","status":"publish","type":"post","link":"http:\/\/bionou.es\/es\/viii-congreso-nacional-de-farmaceuticos-comunitarios\/","title":{"rendered":"VIII Congreso Nacional de Farmac\u00e9uticos Comunitarios"},"content":{"rendered":"<div class=\"text_exposed_show\">\n<p><img loading=\"lazy\" class=\"alignnone size-medium wp-image-372\" src=\"http:\/\/bionou.es\/wp-content\/uploads\/2018\/05\/33602670_2202653503086051_5251508662312108032_n-300x300.jpg\" alt=\"\" width=\"300\" height=\"300\" srcset=\"http:\/\/bionou.es\/wp-content\/uploads\/2018\/05\/33602670_2202653503086051_5251508662312108032_n-300x300.jpg 300w, http:\/\/bionou.es\/wp-content\/uploads\/2018\/05\/33602670_2202653503086051_5251508662312108032_n-150x150.jpg 150w, http:\/\/bionou.es\/wp-content\/uploads\/2018\/05\/33602670_2202653503086051_5251508662312108032_n.jpg 600w\" sizes=\"(max-width: 300px) 100vw, 300px\" \/><\/p>\n<p>Viernes 25 mayo por la tarde, el equipo del Dr. Vicente Navarro presentar\u00e1 P\u00f3ster\u00a0<a class=\"_58cn\" href=\"https:\/\/www.facebook.com\/hashtag\/cient%C3%ADfico?source=feed_text\" data-ft=\"{&quot;tn&quot;:&quot;*N&quot;,&quot;type&quot;:104}\"><span class=\"_5afx\"><span class=\"_58cl _5afz\" aria-label=\"hashtag\">#<\/span><span class=\"_58cm\">Cient\u00edfico<\/span><\/span><\/a>\u00a0con datos del estudio cl\u00ednico publicado en JAMA Dermatology, enero 2018.<\/p>\n<p>En la actualidad se est\u00e1 descubriendo que numerosas enfermedades est\u00e1n relacionadas con un cambio en la composici\u00f3n de la microbiota intestinal o flora intestinal como, por ejemplo, la dermatitis at\u00f3pica. Y es que la causa de la dermatitis at\u00f3pica parece radicar en un defecto en la funci\u00f3n de barrera de la piel.<span class=\"text_exposed_show\">\u00a0Este defecto en la funci\u00f3n defensiva permite que irritantes y otras sustancias penetren en la piel e induzcan una respuesta inmunol\u00f3gica an\u00f3mala. Por todo ello, y para evaluar la eficacia de determinadas cepas probi\u00f3ticas en el manejo de pacientes con dermatitis at\u00f3pica, se llev\u00f3 a cabo un estudio cl\u00ednico publicado en JAMA Dermatology en enero de 2018 (*) que se presentar\u00e1 el viernes por la tarde durante el Congreso de SEFAC el p\u00f3ster cient\u00edfico elaborado por B. Ruzafa-Costas,*; E. N\u00fa\u00f1ez-Delegido; J.M. P\u00e9rez-Orqu\u00edn; J.A. Pic\u00f3-Monllor; V. Navarro-L\u00f3pez, se demuestra que la mezcla de cepas probi\u00f3ticas: Bifidobacterium lactis CECT 8145, Bifidobacterium longum CECT 7347 y Lactobacillus casei CECT 9104, es eficaz en el tratamiento de la dermatitis at\u00f3pica moderada, reduciendo:<\/span><\/p>\n<div class=\"text_exposed_show\">\n<p>La intensidad y duraci\u00f3n de los brotes.<br \/>\nLa extensi\u00f3n e intensidad del eccema.<br \/>\nEl uso de corticoides t\u00f3picos.<br \/>\nPor tanto, esta mezcla de cepas probi\u00f3ticas se demuestran eficaces como l\u00ednea de tratamiento habitual en la dermatitis at\u00f3pica moderada y de f\u00e1cil recomendaci\u00f3n desde el consejo farmac\u00e9utico. En este sentido, el farmac\u00e9utico cuenta con informaci\u00f3n cient\u00edfica para ofrecer una atenci\u00f3n farmac\u00e9utica personalizada en esta patolog\u00eda.<\/p>\n<p>HeelProbiotics es la nueva l\u00ednea de simbi\u00f3ticos (probi\u00f3ticos m\u00e1s prebi\u00f3ticos) de Laboratorios Heel Espa\u00f1a que cuenta con productos espec\u00edficos para cada perfil de paciente.<\/p>\n<\/div>\n<\/div>\n","protected":false},"excerpt":{"rendered":"<p>Viernes 25 mayo por la tarde, el equipo del Dr. Vicente Navarro presentar\u00e1 P\u00f3ster\u00a0#Cient\u00edfico\u00a0con datos del estudio cl\u00ednico publicado en JAMA Dermatology, enero 2018. En la actualidad se est\u00e1 descubriendo que numerosas enfermedades est\u00e1n relacionadas con un cambio en la composici\u00f3n de la microbiota intestinal o flora intestinal como, por ejemplo, la dermatitis at\u00f3pica. Y [&hellip;]<\/p>\n","protected":false},"author":2,"featured_media":372,"comment_status":"open","ping_status":"closed","sticky":false,"template":"","format":"standard","meta":[],"categories":[1],"tags":[],"_links":{"self":[{"href":"http:\/\/bionou.es\/es\/wp-json\/wp\/v2\/posts\/371"}],"collection":[{"href":"http:\/\/bionou.es\/es\/wp-json\/wp\/v2\/posts"}],"about":[{"href":"http:\/\/bionou.es\/es\/wp-json\/wp\/v2\/types\/post"}],"author":[{"embeddable":true,"href":"http:\/\/bionou.es\/es\/wp-json\/wp\/v2\/users\/2"}],"replies":[{"embeddable":true,"href":"http:\/\/bionou.es\/es\/wp-json\/wp\/v2\/comments?post=371"}],"version-history":[{"count":3,"href":"http:\/\/bionou.es\/es\/wp-json\/wp\/v2\/posts\/371\/revisions"}],"predecessor-version":[{"id":375,"href":"http:\/\/bionou.es\/es\/wp-json\/wp\/v2\/posts\/371\/revisions\/375"}],"wp:featuredmedia":[{"embeddable":true,"href":"http:\/\/bionou.es\/es\/wp-json\/wp\/v2\/media\/372"}],"wp:attachment":[{"href":"http:\/\/bionou.es\/es\/wp-json\/wp\/v2\/media?parent=371"}],"wp:term":[{"taxonomy":"category","embeddable":true,"href":"http:\/\/bionou.es\/es\/wp-json\/wp\/v2\/categories?post=371"},{"taxonomy":"post_tag","embeddable":true,"href":"http:\/\/bionou.es\/es\/wp-json\/wp\/v2\/tags?post=371"}],"curies":[{"name":"wp","href":"https:\/\/api.w.org\/{rel}","templated":true}]}}