{"id":282,"date":"2018-05-07T12:10:27","date_gmt":"2018-05-07T10:10:27","guid":{"rendered":"http:\/\/www.bioithas.es\/?p=282"},"modified":"2019-01-04T16:15:27","modified_gmt":"2019-01-04T15:15:27","slug":"cepas-probioticos-para-ninos-con-dermatitis-atopica","status":"publish","type":"post","link":"http:\/\/bionou.es\/es\/cepas-probioticos-para-ninos-con-dermatitis-atopica\/","title":{"rendered":"Cepas Probi\u00f3ticos para ni\u00f1os con dermatitis at\u00f3pica"},"content":{"rendered":"<p>[et_pb_section bb_built=\u00bb1&#8243;][et_pb_row][et_pb_column type=\u00bb4_4&#8243;][et_pb_text _builder_version=\u00bb3.0.106&#8243; background_layout=\u00bblight\u00bb]<\/p>\n<p>Compartimos en este art\u00edculo el \u00faltimo trabajo de investigaci\u00f3n que ha sido publicado por los investigadores de Bionou en la revista Americana JAMA Dermatology.<\/p>\n<p><a href=\"https:\/\/jamanetwork.com\/journals\/jamadermatology\/article-abstract\/2661596?redirect=true\">Acceder al art\u00edculo<\/a><\/p>\n<p>[\/et_pb_text][\/et_pb_column][\/et_pb_row][\/et_pb_section]<\/p>\n","protected":false},"excerpt":{"rendered":"<p>[et_pb_section bb_built=\u00bb1&#8243;][et_pb_row][et_pb_column type=\u00bb4_4&#8243;][et_pb_text _builder_version=\u00bb3.0.106&#8243; background_layout=\u00bblight\u00bb] Compartimos en este art\u00edculo el \u00faltimo trabajo de investigaci\u00f3n que ha sido publicado por los investigadores de Bionou en la revista Americana JAMA Dermatology. Acceder al art\u00edculo [\/et_pb_text][\/et_pb_column][\/et_pb_row][\/et_pb_section]<\/p>\n","protected":false},"author":2,"featured_media":291,"comment_status":"open","ping_status":"closed","sticky":false,"template":"","format":"standard","meta":[],"categories":[1],"tags":[],"_links":{"self":[{"href":"http:\/\/bionou.es\/es\/wp-json\/wp\/v2\/posts\/282"}],"collection":[{"href":"http:\/\/bionou.es\/es\/wp-json\/wp\/v2\/posts"}],"about":[{"href":"http:\/\/bionou.es\/es\/wp-json\/wp\/v2\/types\/post"}],"author":[{"embeddable":true,"href":"http:\/\/bionou.es\/es\/wp-json\/wp\/v2\/users\/2"}],"replies":[{"embeddable":true,"href":"http:\/\/bionou.es\/es\/wp-json\/wp\/v2\/comments?post=282"}],"version-history":[{"count":7,"href":"http:\/\/bionou.es\/es\/wp-json\/wp\/v2\/posts\/282\/revisions"}],"predecessor-version":[{"id":508,"href":"http:\/\/bionou.es\/es\/wp-json\/wp\/v2\/posts\/282\/revisions\/508"}],"wp:featuredmedia":[{"embeddable":true,"href":"http:\/\/bionou.es\/es\/wp-json\/wp\/v2\/media\/291"}],"wp:attachment":[{"href":"http:\/\/bionou.es\/es\/wp-json\/wp\/v2\/media?parent=282"}],"wp:term":[{"taxonomy":"category","embeddable":true,"href":"http:\/\/bionou.es\/es\/wp-json\/wp\/v2\/categories?post=282"},{"taxonomy":"post_tag","embeddable":true,"href":"http:\/\/bionou.es\/es\/wp-json\/wp\/v2\/tags?post=282"}],"curies":[{"name":"wp","href":"https:\/\/api.w.org\/{rel}","templated":true}]}}